{"id":1161,"date":"2018-07-02T15:45:00","date_gmt":"2018-07-02T18:45:00","guid":{"rendered":"https:\/\/dev.cristofoli.com\/biosseguranca\/?p=1161"},"modified":"2025-09-02T10:19:34","modified_gmt":"2025-09-02T13:19:34","slug":"prazo-de-validade-dos-artigos-esterilizados-por-autoclave","status":"publish","type":"post","link":"https:\/\/dev.cristofoli.com\/biosseguranca\/prazo-de-validade-dos-artigos-esterilizados-por-autoclave\/","title":{"rendered":"Prazo de validade dos artigos esterilizados por autoclave"},"content":{"rendered":"\n<p>Nesse post o assunto \u00e9 o prazo de validade dos artigos esterilizados em autoclave. Em outras palavras, a data limite de utiliza\u00e7\u00e3o dos materiais esterilizados.Conte\u00fado atualizado em 24\/02\/2022<\/p>\n\n\n\n<h2 class=\"wp-block-heading has-medium-font-size\"><img fetchpriority=\"high\" decoding=\"async\" width=\"240\" height=\"300\" srcset=\"https:\/\/biosseguranca.cristofoli.com\/wp-content\/uploads\/2022\/02\/SPT-Selo-Post-Top-10-2022-240x300.png 240w, https:\/\/biosseguranca.cristofoli.com\/wp-content\/uploads\/2022\/02\/SPT-Selo-Post-Top-10-2022-510x638.png 510w, https:\/\/biosseguranca.cristofoli.com\/wp-content\/uploads\/2022\/02\/SPT-Selo-Post-Top-10-2022-768x960.png 768w, https:\/\/biosseguranca.cristofoli.com\/wp-content\/uploads\/2022\/02\/SPT-Selo-Post-Top-10-2022.png 800w\" src=\"https:\/\/www.cristofoli.com\/biosseguranca\/wp-content\/uploads\/2022\/02\/SPT-Selo-Post-Top-10-2022-240x300.png\" alt=\"Selo Post Top 10\"><br>Qual a indica\u00e7\u00e3o correta para o prazo de validade dos artigos esterilizados em autoclaves?<\/h2>\n\n\n\n<p>O prazo estabelecido para validade dos artigos esterilizados \u00e9 controverso. As vigil\u00e2ncias sanit\u00e1rias t\u00eam recomendado, para os consult\u00f3rios odontol\u00f3gicos, o prazo de sete dias \u2013 desde que o pacote esteja \u00edntegro e seco. Essa recomenda\u00e7\u00e3o foi baseada numa norma relativamente antiga, o &nbsp;Manual de Processamento de artigos e superf\u00edcies em Servi\u00e7os de Sa\u00fade, do Minist\u00e9rio da Sa\u00fade de 1994, parcialmente atualizado.<\/p>\n\n\n\n<p>Esse prazo n\u00e3o \u00e9 problema para a maioria dos servi\u00e7os que atendem todos os dias. Entretanto, para profissionais que utilizam exclusivamente com os seus instrumentais e atuam em mais de uma institui\u00e7\u00e3o, &nbsp;o tempo pode ser curto. Vamos imaginar um dentista que trabalha na prefeitura todas as manh\u00e3s e atende em dois consult\u00f3rios. O prazo de validade pode dificultar o processamento de artigos, uma vez que expirado os pacotes devem ser abertos e totalmente reprocessados: os instrumentais lavados, empacotados em novas embalagens e esterilizados.<\/p>\n\n\n\n<h2 class=\"wp-block-heading has-medium-font-size\">Quais s\u00e3o as alternativas?<\/h2>\n\n\n\n<p>O guia de 1994 citado acima j\u00e1 oferece uma j\u00e1 op\u00e7\u00e3o: proteger o pacote com uma embalagem de armazenamento. A embalagem secund\u00e1ria \u2013 pl\u00e1stica \u2013 dever\u00e1 ser adicionada logo ap\u00f3s a esteriliza\u00e7\u00e3o. O pacote deve estar completamente frio. Assim acondicionado, poder\u00e1 ser mantido por 30 dias, desde que o conjunto permane\u00e7a &nbsp;\u00edntegro e seco. Muito \u00fatil para&nbsp;<em>kits<\/em>&nbsp;destinados a procedimentos pouco frequentes.<\/p>\n\n\n\n<h3 class=\"wp-block-heading has-medium-font-size\">Recomenda\u00e7\u00e3o ANVISA<\/h3>\n\n\n\n<p>No documento<strong>&nbsp;<\/strong><a href=\"http:\/\/www.anvisa.gov.br\/servicosaude\/manuais\/manual_odonto.pdf\" target=\"_blank\" rel=\"noreferrer noopener\">Consult\u00f3rios Odontol\u00f3gicos Preven\u00e7\u00e3o e Controle de Riscos- 2006<\/a>&nbsp;&nbsp;a ANVISA recomenda validar no servi\u00e7o. Isso significa que o prazo de validade dever\u00e1 ser determinado pelo pr\u00f3prio servi\u00e7o. A&nbsp;refer\u00eancia s\u00e3o os dados colhidos em estudos da esterilidade dos pacotes armazenados no pr\u00f3prio estabelecimento. Usualmente utiliza-se tr\u00eas amostras do lote&nbsp; padr\u00e3o (ciclo da autoclave, tipo de embalagem, tipo de instrumental e local de armazenamento) que \u00e9 esterilizado e mantido sob as mesmas &nbsp;condi\u00e7\u00f5es que se quer analisar. Decorrido o tempo estabelecido, faz-se a an\u00e1lise das amostras e verifica-se a manuten\u00e7\u00e3o da esterilidade. Em caso de aprova\u00e7\u00e3o, o prazo de validade \u00e9&nbsp; ent\u00e3o determinado, sendo que normalmente &nbsp;\u00e9 escolhido a metade do tempo de armazenamento testado. O teste de esterilidade exige pessoal&nbsp; muito habilitado e t\u00e9cnica ass\u00e9ptica, com estrutura e materiais compat\u00edveis para que o resultado seja confi\u00e1vel. O custo benef\u00edcio deve ser analisado antes de se conduzir o estudo.<\/p>\n\n\n\n<h2 class=\"wp-block-heading has-medium-font-size\">O qu\u00ea diz a RDC 15 sobre esse assunto?<\/h2>\n\n\n\n<p>(inclu\u00eddo em 02\/07\/2018)<\/p>\n\n\n\n<p>Essa RDC disp\u00f5e sobre requisitos de boas pr\u00e1ticas para o processamento de produtos para sa\u00fade&nbsp;e d\u00e1 outras provid\u00eancias. Embora n\u00e3o seja espec\u00edfica para Odontologia, e regule somente determinados servi\u00e7os odontol\u00f3gicos em estabelecimentos de sa\u00fade tem sido utilizada como refer\u00eancia para assuntos ligados \u00e0 esteriliza\u00e7\u00e3o.<\/p>\n\n\n\n<p>Em rela\u00e7\u00e3o ao prazo de validade, a ANVISA nessa resolu\u00e7\u00e3o coloca como sendo a&nbsp;data limite de uso do produto esterilizado: prazo estabelecido em cada institui\u00e7\u00e3o, baseado em um plano de avalia\u00e7\u00e3o da integridade das embalagens, fundamentado na resist\u00eancia das embalagens, eventos relacionados ao seu manuseio (estocagem em gavetas, empilhamento de pacotes, dobras das embalagens), condi\u00e7\u00f5es de umidade e temperatura, seguran\u00e7a da selagem e rotatividade do&nbsp;estoque armazenado.<\/p>\n\n\n\n<p>Isso facilita bastante, mastodos os cuidados devem ser tomados para garantir um bom acondicionamento.<\/p>\n\n\n\n<h3 class=\"wp-block-heading has-medium-font-size\">Para maior seguran\u00e7a:<\/h3>\n\n\n\n<ul class=\"wp-block-list\" class=\"wp-block-list\">\n<li>Manuseie o m\u00ednimo poss\u00edvel os pacotes esterilizados;<\/li>\n\n\n\n<li>Guarde em gavetas, prateleiras fechadas ou caixas pl\u00e1sticas;<\/li>\n\n\n\n<li>N\u00e3o sobrecarregue o compartimentos para um pacote n\u00e3o danificar o outro;<\/li>\n\n\n\n<li>Proteja as pontas dos instrumentos;<\/li>\n\n\n\n<li>Utilize porta \u2013 brocas e porta-limas;<\/li>\n\n\n\n<li>Organize o arsenal de modo que seja l\u00f3gico para quem o manipula;<\/li>\n\n\n\n<li>Estabele\u00e7a crit\u00e9rios para guarda colocando sempre o mais novo numa posi\u00e7\u00e3o mais remota, para facilitar que o mais antigo seja utilizado em primeiro lugar;<\/li>\n\n\n\n<li>Lembre-se de colocar&nbsp; a data da esteriliza\u00e7\u00e3o e o prazo de validade;<\/li>\n\n\n\n<li>Separe os pacotes com embalagem secund\u00e1ria com maior prazo de validade;<\/li>\n\n\n\n<li>Coloque na posi\u00e7\u00e3o de acesso mais f\u00e1cil os kits que s\u00e3o utilizado com maior frequ\u00eancia.<\/li>\n<\/ul>\n\n\n\n<h3 class=\"wp-block-heading has-medium-font-size\">No momento da utiliza\u00e7\u00e3o certifique-se :<\/h3>\n\n\n\n<ul class=\"wp-block-list\" class=\"wp-block-list\">\n<li>Aprova\u00e7\u00e3o do indicador qu\u00edmico de processo;<\/li>\n\n\n\n<li>Integridade do pacote;<\/li>\n\n\n\n<li>Validade do prazo;<\/li>\n\n\n\n<li>Aus\u00eancia de ferrugem no pacote.<\/li>\n<\/ul>\n\n\n\n<p><strong>Recomenda\u00e7\u00f5es internacionais<\/strong><\/p>\n\n\n\n<p>O crit\u00e9rio mais aceito internacionalmente para o prazo de validade dos artigos esterilizados \u00e9 &nbsp;chamado de \u201cevento relacionado\u201d. Isto \u00e9, o pacote \u00e9 considerado est\u00e9ril at\u00e9 o prazo de validade da embalagem e se:<\/p>\n\n\n\n<ul class=\"wp-block-list\" class=\"wp-block-list\">\n<li>Armazenado em condi\u00e7\u00f5es adequadas:<br>&#8211; Umidade entre 30 e 60%- e temperatura;<br>&#8211; Autoclave qualificada regularmente, <br>&#8211; Monitoramento sistem\u00e1tico da esteriliza\u00e7\u00e3o.<\/li>\n<\/ul>\n\n\n\n<h2 class=\"wp-block-heading has-medium-font-size\">Conclus\u00e3o<\/h2>\n\n\n\n<p>No Brasil as condi\u00e7\u00f5es &nbsp;de armazenamento representam o maior desafio por causa das grandes diferen\u00e7as de temperatura e umidade. Em especial nos servi\u00e7os que operam somente em determinados per\u00edodos, como no caso da maioria dos consult\u00f3rios m\u00e9dicos, odontol\u00f3gicos, cl\u00ednicas de est\u00e9tica, est\u00fadios de tatuagem e piercing, &nbsp;sal\u00f5es de beleza e gabinetes de podologia.<\/p>\n\n\n\n<ul class=\"wp-block-list\" class=\"wp-block-list\">\n<li><strong>A maioria das vigil\u00e2ncias sanit\u00e1rias t\u00eam seguido a recomenda\u00e7\u00e3o de sete dias para o prazo de validade, mas algumas j\u00e1 aceitam o prazo determinado pelo pr\u00f3prio servi\u00e7o<\/strong><\/li>\n\n\n\n<li><strong>Cheque qual \u00e9 o caso de sua cidade, mas &nbsp;lembre-se que o mais importante \u00e9 cuidar do armazenamento e manuseio e checar no momento do uso se o pacote est\u00e1 \u00edntegro e seco.<\/strong><\/li>\n<\/ul>\n\n\n\n<p>Se tiver mais alguma sugest\u00e3o que deu certo para voc\u00ea, compartilhe aqui.<\/p>\n\n\n\n<p><\/p>\n\n\n\n<p><strong>Este \u00e9 um POST TOP 10&nbsp;<\/strong><\/p>\n\n\n\n<p>Produtos Relacionados<br><br><\/p>\n\n\n<div class=\"wp-block-image\">\n<figure class=\"alignleft\"><a href=\"https:\/\/cristofoli.com\/produto\/envelopes-para-esterilizacao-protex-e\/\"><img decoding=\"async\" src=\"https:\/\/www.cristofoli.com\/biosseguranca\/wp-content\/uploads\/2018\/07\/BIC-Botao-Intencao-de-Compras-2022_Envelopes.png\" alt=\"BIC - Bot\u00e3o Inten\u00e7\u00e3o de Compras - 2022_Envelopes\" class=\"wp-image-25071\"\/><\/a><\/figure><\/div>\n\n<div class=\"wp-block-image\">\n<figure class=\"alignleft\"><a href=\"https:\/\/cristofoli.com\/produto\/envelopes-para-esterilizacao-protex-e\/\"><img decoding=\"async\" src=\"https:\/\/www.cristofoli.com\/biosseguranca\/wp-content\/uploads\/2018\/07\/BIC-Botao-Intencao-de-Compras-2022_Embalagens.png\" alt=\"BIC - Bot\u00e3o Inten\u00e7\u00e3o de Compras - 2022_Embalagens\" class=\"wp-image-25070\"\/><\/a><\/figure><\/div>\n\n<div class=\"wp-block-image\">\n<figure class=\"alignleft\"><a href=\"https:\/\/cristofoli.com\/produto\/seladora-cristofoli\/\"><img decoding=\"async\" src=\"https:\/\/www.cristofoli.com\/biosseguranca\/wp-content\/uploads\/2018\/07\/BIC-Botao-Intencao-de-Compras-2022_Seladora.png\" alt=\"BIC - Bot\u00e3o Inten\u00e7\u00e3o de Compras - 2022_Seladora\" class=\"wp-image-25074\"\/><\/a><\/figure><\/div>\n\n\n<p><\/p>\n\n\n\n<p><\/p>\n","protected":false},"excerpt":{"rendered":"<p>Nesse post o assunto \u00e9 o prazo de validade dos artigos esterilizados em autoclave. Em outras palavras, a data limite de utiliza\u00e7\u00e3o dos materiais esterilizados.Conte\u00fado atualizado em 24\/02\/2022 Qual a indica\u00e7\u00e3o correta para o prazo de validade dos artigos esterilizados em&#8230;<\/p>\n","protected":false},"author":5,"featured_media":1162,"comment_status":"open","ping_status":"open","sticky":false,"template":"","format":"standard","meta":{"_acf_changed":false,"_eb_attr":"","footnotes":""},"categories":[18,16],"tags":[41,27,42,43],"class_list":["post-1161","post","type-post","status-publish","format-standard","has-post-thumbnail","hentry","category-noticias","category-top-10","tag-dicas","tag-esterilizacao","tag-top10","tag-validade"],"acf":[],"yoast_head":"<!-- This site is optimized with the Yoast SEO plugin v27.4 - https:\/\/yoast.com\/product\/yoast-seo-wordpress\/ -->\n<title>Prazo de validade dos artigos esterilizados por autoclave - Blog Biosseguran\u00e7a<\/title>\n<meta name=\"robots\" content=\"index, follow, max-snippet:-1, max-image-preview:large, max-video-preview:-1\" \/>\n<link rel=\"canonical\" href=\"https:\/\/dev.cristofoli.com\/biosseguranca\/prazo-de-validade-dos-artigos-esterilizados-por-autoclave\/\" \/>\n<meta property=\"og:locale\" content=\"pt_BR\" \/>\n<meta property=\"og:type\" content=\"article\" \/>\n<meta property=\"og:title\" content=\"Prazo de validade dos artigos esterilizados por autoclave - Blog Biosseguran\u00e7a\" \/>\n<meta property=\"og:description\" content=\"Nesse post o assunto \u00e9 o prazo de validade dos artigos esterilizados em autoclave. Em outras palavras, a data limite de utiliza\u00e7\u00e3o dos materiais esterilizados.Conte\u00fado atualizado em 24\/02\/2022 Qual a indica\u00e7\u00e3o correta para o prazo de validade dos artigos esterilizados em...\" \/>\n<meta property=\"og:url\" content=\"https:\/\/dev.cristofoli.com\/biosseguranca\/prazo-de-validade-dos-artigos-esterilizados-por-autoclave\/\" \/>\n<meta property=\"og:site_name\" content=\"Blog Biosseguran\u00e7a\" \/>\n<meta property=\"article:published_time\" content=\"2018-07-02T18:45:00+00:00\" \/>\n<meta property=\"article:modified_time\" content=\"2025-09-02T13:19:34+00:00\" \/>\n<meta property=\"og:image\" content=\"https:\/\/dev.cristofoli.com\/biosseguranca\/wp-content\/uploads\/sites\/2\/2025\/08\/Prazo-de-Validade_blog-face.webp\" \/>\n\t<meta property=\"og:image:width\" content=\"1200\" \/>\n\t<meta property=\"og:image:height\" content=\"803\" \/>\n\t<meta property=\"og:image:type\" content=\"image\/webp\" \/>\n<meta name=\"author\" content=\"Liliana Donatelli\" \/>\n<meta name=\"twitter:card\" content=\"summary_large_image\" \/>\n<meta name=\"twitter:label1\" content=\"Escrito por\" \/>\n\t<meta name=\"twitter:data1\" content=\"Liliana Donatelli\" \/>\n\t<meta name=\"twitter:label2\" content=\"Est. tempo de leitura\" \/>\n\t<meta name=\"twitter:data2\" content=\"6 minutos\" \/>\n<script type=\"application\/ld+json\" class=\"yoast-schema-graph\">{\"@context\":\"https:\\\/\\\/schema.org\",\"@graph\":[{\"@type\":\"Article\",\"@id\":\"https:\\\/\\\/dev.cristofoli.com\\\/biosseguranca\\\/prazo-de-validade-dos-artigos-esterilizados-por-autoclave\\\/#article\",\"isPartOf\":{\"@id\":\"https:\\\/\\\/dev.cristofoli.com\\\/biosseguranca\\\/prazo-de-validade-dos-artigos-esterilizados-por-autoclave\\\/\"},\"author\":{\"name\":\"Liliana Donatelli\",\"@id\":\"https:\\\/\\\/dev.cristofoli.com\\\/biosseguranca\\\/#\\\/schema\\\/person\\\/c6f8c62710e13f35694a1feca583485b\"},\"headline\":\"Prazo de validade dos artigos esterilizados por autoclave\",\"datePublished\":\"2018-07-02T18:45:00+00:00\",\"dateModified\":\"2025-09-02T13:19:34+00:00\",\"mainEntityOfPage\":{\"@id\":\"https:\\\/\\\/dev.cristofoli.com\\\/biosseguranca\\\/prazo-de-validade-dos-artigos-esterilizados-por-autoclave\\\/\"},\"wordCount\":990,\"commentCount\":0,\"publisher\":{\"@id\":\"https:\\\/\\\/dev.cristofoli.com\\\/biosseguranca\\\/#organization\"},\"image\":{\"@id\":\"https:\\\/\\\/dev.cristofoli.com\\\/biosseguranca\\\/prazo-de-validade-dos-artigos-esterilizados-por-autoclave\\\/#primaryimage\"},\"thumbnailUrl\":\"https:\\\/\\\/dev.cristofoli.com\\\/biosseguranca\\\/wp-content\\\/uploads\\\/sites\\\/2\\\/2025\\\/08\\\/Prazo-de-Validade_blog-face.webp\",\"keywords\":[\"DICAS\",\"ESTERILIZA\u00c7\u00c3O\",\"TOP10\",\"VALIDADE\"],\"articleSection\":[\"Not\u00edcias\",\"Top 10\"],\"inLanguage\":\"pt-BR\",\"potentialAction\":[{\"@type\":\"CommentAction\",\"name\":\"Comment\",\"target\":[\"https:\\\/\\\/dev.cristofoli.com\\\/biosseguranca\\\/prazo-de-validade-dos-artigos-esterilizados-por-autoclave\\\/#respond\"]}]},{\"@type\":\"WebPage\",\"@id\":\"https:\\\/\\\/dev.cristofoli.com\\\/biosseguranca\\\/prazo-de-validade-dos-artigos-esterilizados-por-autoclave\\\/\",\"url\":\"https:\\\/\\\/dev.cristofoli.com\\\/biosseguranca\\\/prazo-de-validade-dos-artigos-esterilizados-por-autoclave\\\/\",\"name\":\"Prazo de validade dos artigos esterilizados por autoclave - Blog Biosseguran\u00e7a\",\"isPartOf\":{\"@id\":\"https:\\\/\\\/dev.cristofoli.com\\\/biosseguranca\\\/#website\"},\"primaryImageOfPage\":{\"@id\":\"https:\\\/\\\/dev.cristofoli.com\\\/biosseguranca\\\/prazo-de-validade-dos-artigos-esterilizados-por-autoclave\\\/#primaryimage\"},\"image\":{\"@id\":\"https:\\\/\\\/dev.cristofoli.com\\\/biosseguranca\\\/prazo-de-validade-dos-artigos-esterilizados-por-autoclave\\\/#primaryimage\"},\"thumbnailUrl\":\"https:\\\/\\\/dev.cristofoli.com\\\/biosseguranca\\\/wp-content\\\/uploads\\\/sites\\\/2\\\/2025\\\/08\\\/Prazo-de-Validade_blog-face.webp\",\"datePublished\":\"2018-07-02T18:45:00+00:00\",\"dateModified\":\"2025-09-02T13:19:34+00:00\",\"breadcrumb\":{\"@id\":\"https:\\\/\\\/dev.cristofoli.com\\\/biosseguranca\\\/prazo-de-validade-dos-artigos-esterilizados-por-autoclave\\\/#breadcrumb\"},\"inLanguage\":\"pt-BR\",\"potentialAction\":[{\"@type\":\"ReadAction\",\"target\":[\"https:\\\/\\\/dev.cristofoli.com\\\/biosseguranca\\\/prazo-de-validade-dos-artigos-esterilizados-por-autoclave\\\/\"]}]},{\"@type\":\"ImageObject\",\"inLanguage\":\"pt-BR\",\"@id\":\"https:\\\/\\\/dev.cristofoli.com\\\/biosseguranca\\\/prazo-de-validade-dos-artigos-esterilizados-por-autoclave\\\/#primaryimage\",\"url\":\"https:\\\/\\\/dev.cristofoli.com\\\/biosseguranca\\\/wp-content\\\/uploads\\\/sites\\\/2\\\/2025\\\/08\\\/Prazo-de-Validade_blog-face.webp\",\"contentUrl\":\"https:\\\/\\\/dev.cristofoli.com\\\/biosseguranca\\\/wp-content\\\/uploads\\\/sites\\\/2\\\/2025\\\/08\\\/Prazo-de-Validade_blog-face.webp\",\"width\":1200,\"height\":803},{\"@type\":\"BreadcrumbList\",\"@id\":\"https:\\\/\\\/dev.cristofoli.com\\\/biosseguranca\\\/prazo-de-validade-dos-artigos-esterilizados-por-autoclave\\\/#breadcrumb\",\"itemListElement\":[{\"@type\":\"ListItem\",\"position\":1,\"name\":\"In\u00edcio\",\"item\":\"https:\\\/\\\/dev.cristofoli.com\\\/biosseguranca\\\/\"},{\"@type\":\"ListItem\",\"position\":2,\"name\":\"Prazo de validade dos artigos esterilizados por autoclave\"}]},{\"@type\":\"WebSite\",\"@id\":\"https:\\\/\\\/dev.cristofoli.com\\\/biosseguranca\\\/#website\",\"url\":\"https:\\\/\\\/dev.cristofoli.com\\\/biosseguranca\\\/\",\"name\":\"Blog Biosseguran\u00e7a\",\"description\":\"\",\"publisher\":{\"@id\":\"https:\\\/\\\/dev.cristofoli.com\\\/biosseguranca\\\/#organization\"},\"potentialAction\":[{\"@type\":\"SearchAction\",\"target\":{\"@type\":\"EntryPoint\",\"urlTemplate\":\"https:\\\/\\\/dev.cristofoli.com\\\/biosseguranca\\\/?s={search_term_string}\"},\"query-input\":{\"@type\":\"PropertyValueSpecification\",\"valueRequired\":true,\"valueName\":\"search_term_string\"}}],\"inLanguage\":\"pt-BR\"},{\"@type\":\"Organization\",\"@id\":\"https:\\\/\\\/dev.cristofoli.com\\\/biosseguranca\\\/#organization\",\"name\":\"Blog Biosseguran\u00e7a\",\"url\":\"https:\\\/\\\/dev.cristofoli.com\\\/biosseguranca\\\/\",\"logo\":{\"@type\":\"ImageObject\",\"inLanguage\":\"pt-BR\",\"@id\":\"https:\\\/\\\/dev.cristofoli.com\\\/biosseguranca\\\/#\\\/schema\\\/logo\\\/image\\\/\",\"url\":\"https:\\\/\\\/dev.cristofoli.com\\\/biosseguranca\\\/wp-content\\\/uploads\\\/sites\\\/2\\\/2025\\\/07\\\/Logotipo-Blog-Biosseguranca.webp\",\"contentUrl\":\"https:\\\/\\\/dev.cristofoli.com\\\/biosseguranca\\\/wp-content\\\/uploads\\\/sites\\\/2\\\/2025\\\/07\\\/Logotipo-Blog-Biosseguranca.webp\",\"width\":250,\"height\":83,\"caption\":\"Blog Biosseguran\u00e7a\"},\"image\":{\"@id\":\"https:\\\/\\\/dev.cristofoli.com\\\/biosseguranca\\\/#\\\/schema\\\/logo\\\/image\\\/\"}},{\"@type\":\"Person\",\"@id\":\"https:\\\/\\\/dev.cristofoli.com\\\/biosseguranca\\\/#\\\/schema\\\/person\\\/c6f8c62710e13f35694a1feca583485b\",\"name\":\"Liliana Donatelli\",\"image\":{\"@type\":\"ImageObject\",\"inLanguage\":\"pt-BR\",\"@id\":\"https:\\\/\\\/secure.gravatar.com\\\/avatar\\\/5c3e345c7f7481174f0af15037a3c5634a6b73d926d22d0332e2fa870a2ee846?s=96&d=mm&r=g\",\"url\":\"https:\\\/\\\/secure.gravatar.com\\\/avatar\\\/5c3e345c7f7481174f0af15037a3c5634a6b73d926d22d0332e2fa870a2ee846?s=96&d=mm&r=g\",\"contentUrl\":\"https:\\\/\\\/secure.gravatar.com\\\/avatar\\\/5c3e345c7f7481174f0af15037a3c5634a6b73d926d22d0332e2fa870a2ee846?s=96&d=mm&r=g\",\"caption\":\"Liliana Donatelli\"},\"description\":\"Consultora Crist\u00f3foli em Biosseguran\u00e7a\",\"url\":\"https:\\\/\\\/dev.cristofoli.com\\\/biosseguranca\\\/author\\\/liliana\\\/\"}]}<\/script>\n<!-- \/ Yoast SEO plugin. -->","yoast_head_json":{"title":"Prazo de validade dos artigos esterilizados por autoclave - Blog Biosseguran\u00e7a","robots":{"index":"index","follow":"follow","max-snippet":"max-snippet:-1","max-image-preview":"max-image-preview:large","max-video-preview":"max-video-preview:-1"},"canonical":"https:\/\/dev.cristofoli.com\/biosseguranca\/prazo-de-validade-dos-artigos-esterilizados-por-autoclave\/","og_locale":"pt_BR","og_type":"article","og_title":"Prazo de validade dos artigos esterilizados por autoclave - Blog Biosseguran\u00e7a","og_description":"Nesse post o assunto \u00e9 o prazo de validade dos artigos esterilizados em autoclave. Em outras palavras, a data limite de utiliza\u00e7\u00e3o dos materiais esterilizados.Conte\u00fado atualizado em 24\/02\/2022 Qual a indica\u00e7\u00e3o correta para o prazo de validade dos artigos esterilizados em...","og_url":"https:\/\/dev.cristofoli.com\/biosseguranca\/prazo-de-validade-dos-artigos-esterilizados-por-autoclave\/","og_site_name":"Blog Biosseguran\u00e7a","article_published_time":"2018-07-02T18:45:00+00:00","article_modified_time":"2025-09-02T13:19:34+00:00","og_image":[{"width":1200,"height":803,"url":"https:\/\/dev.cristofoli.com\/biosseguranca\/wp-content\/uploads\/sites\/2\/2025\/08\/Prazo-de-Validade_blog-face.webp","type":"image\/webp"}],"author":"Liliana Donatelli","twitter_card":"summary_large_image","twitter_misc":{"Escrito por":"Liliana Donatelli","Est. tempo de leitura":"6 minutos"},"schema":{"@context":"https:\/\/schema.org","@graph":[{"@type":"Article","@id":"https:\/\/dev.cristofoli.com\/biosseguranca\/prazo-de-validade-dos-artigos-esterilizados-por-autoclave\/#article","isPartOf":{"@id":"https:\/\/dev.cristofoli.com\/biosseguranca\/prazo-de-validade-dos-artigos-esterilizados-por-autoclave\/"},"author":{"name":"Liliana Donatelli","@id":"https:\/\/dev.cristofoli.com\/biosseguranca\/#\/schema\/person\/c6f8c62710e13f35694a1feca583485b"},"headline":"Prazo de validade dos artigos esterilizados por autoclave","datePublished":"2018-07-02T18:45:00+00:00","dateModified":"2025-09-02T13:19:34+00:00","mainEntityOfPage":{"@id":"https:\/\/dev.cristofoli.com\/biosseguranca\/prazo-de-validade-dos-artigos-esterilizados-por-autoclave\/"},"wordCount":990,"commentCount":0,"publisher":{"@id":"https:\/\/dev.cristofoli.com\/biosseguranca\/#organization"},"image":{"@id":"https:\/\/dev.cristofoli.com\/biosseguranca\/prazo-de-validade-dos-artigos-esterilizados-por-autoclave\/#primaryimage"},"thumbnailUrl":"https:\/\/dev.cristofoli.com\/biosseguranca\/wp-content\/uploads\/sites\/2\/2025\/08\/Prazo-de-Validade_blog-face.webp","keywords":["DICAS","ESTERILIZA\u00c7\u00c3O","TOP10","VALIDADE"],"articleSection":["Not\u00edcias","Top 10"],"inLanguage":"pt-BR","potentialAction":[{"@type":"CommentAction","name":"Comment","target":["https:\/\/dev.cristofoli.com\/biosseguranca\/prazo-de-validade-dos-artigos-esterilizados-por-autoclave\/#respond"]}]},{"@type":"WebPage","@id":"https:\/\/dev.cristofoli.com\/biosseguranca\/prazo-de-validade-dos-artigos-esterilizados-por-autoclave\/","url":"https:\/\/dev.cristofoli.com\/biosseguranca\/prazo-de-validade-dos-artigos-esterilizados-por-autoclave\/","name":"Prazo de validade dos artigos esterilizados por autoclave - Blog Biosseguran\u00e7a","isPartOf":{"@id":"https:\/\/dev.cristofoli.com\/biosseguranca\/#website"},"primaryImageOfPage":{"@id":"https:\/\/dev.cristofoli.com\/biosseguranca\/prazo-de-validade-dos-artigos-esterilizados-por-autoclave\/#primaryimage"},"image":{"@id":"https:\/\/dev.cristofoli.com\/biosseguranca\/prazo-de-validade-dos-artigos-esterilizados-por-autoclave\/#primaryimage"},"thumbnailUrl":"https:\/\/dev.cristofoli.com\/biosseguranca\/wp-content\/uploads\/sites\/2\/2025\/08\/Prazo-de-Validade_blog-face.webp","datePublished":"2018-07-02T18:45:00+00:00","dateModified":"2025-09-02T13:19:34+00:00","breadcrumb":{"@id":"https:\/\/dev.cristofoli.com\/biosseguranca\/prazo-de-validade-dos-artigos-esterilizados-por-autoclave\/#breadcrumb"},"inLanguage":"pt-BR","potentialAction":[{"@type":"ReadAction","target":["https:\/\/dev.cristofoli.com\/biosseguranca\/prazo-de-validade-dos-artigos-esterilizados-por-autoclave\/"]}]},{"@type":"ImageObject","inLanguage":"pt-BR","@id":"https:\/\/dev.cristofoli.com\/biosseguranca\/prazo-de-validade-dos-artigos-esterilizados-por-autoclave\/#primaryimage","url":"https:\/\/dev.cristofoli.com\/biosseguranca\/wp-content\/uploads\/sites\/2\/2025\/08\/Prazo-de-Validade_blog-face.webp","contentUrl":"https:\/\/dev.cristofoli.com\/biosseguranca\/wp-content\/uploads\/sites\/2\/2025\/08\/Prazo-de-Validade_blog-face.webp","width":1200,"height":803},{"@type":"BreadcrumbList","@id":"https:\/\/dev.cristofoli.com\/biosseguranca\/prazo-de-validade-dos-artigos-esterilizados-por-autoclave\/#breadcrumb","itemListElement":[{"@type":"ListItem","position":1,"name":"In\u00edcio","item":"https:\/\/dev.cristofoli.com\/biosseguranca\/"},{"@type":"ListItem","position":2,"name":"Prazo de validade dos artigos esterilizados por autoclave"}]},{"@type":"WebSite","@id":"https:\/\/dev.cristofoli.com\/biosseguranca\/#website","url":"https:\/\/dev.cristofoli.com\/biosseguranca\/","name":"Blog Biosseguran\u00e7a","description":"","publisher":{"@id":"https:\/\/dev.cristofoli.com\/biosseguranca\/#organization"},"potentialAction":[{"@type":"SearchAction","target":{"@type":"EntryPoint","urlTemplate":"https:\/\/dev.cristofoli.com\/biosseguranca\/?s={search_term_string}"},"query-input":{"@type":"PropertyValueSpecification","valueRequired":true,"valueName":"search_term_string"}}],"inLanguage":"pt-BR"},{"@type":"Organization","@id":"https:\/\/dev.cristofoli.com\/biosseguranca\/#organization","name":"Blog Biosseguran\u00e7a","url":"https:\/\/dev.cristofoli.com\/biosseguranca\/","logo":{"@type":"ImageObject","inLanguage":"pt-BR","@id":"https:\/\/dev.cristofoli.com\/biosseguranca\/#\/schema\/logo\/image\/","url":"https:\/\/dev.cristofoli.com\/biosseguranca\/wp-content\/uploads\/sites\/2\/2025\/07\/Logotipo-Blog-Biosseguranca.webp","contentUrl":"https:\/\/dev.cristofoli.com\/biosseguranca\/wp-content\/uploads\/sites\/2\/2025\/07\/Logotipo-Blog-Biosseguranca.webp","width":250,"height":83,"caption":"Blog Biosseguran\u00e7a"},"image":{"@id":"https:\/\/dev.cristofoli.com\/biosseguranca\/#\/schema\/logo\/image\/"}},{"@type":"Person","@id":"https:\/\/dev.cristofoli.com\/biosseguranca\/#\/schema\/person\/c6f8c62710e13f35694a1feca583485b","name":"Liliana Donatelli","image":{"@type":"ImageObject","inLanguage":"pt-BR","@id":"https:\/\/secure.gravatar.com\/avatar\/5c3e345c7f7481174f0af15037a3c5634a6b73d926d22d0332e2fa870a2ee846?s=96&d=mm&r=g","url":"https:\/\/secure.gravatar.com\/avatar\/5c3e345c7f7481174f0af15037a3c5634a6b73d926d22d0332e2fa870a2ee846?s=96&d=mm&r=g","contentUrl":"https:\/\/secure.gravatar.com\/avatar\/5c3e345c7f7481174f0af15037a3c5634a6b73d926d22d0332e2fa870a2ee846?s=96&d=mm&r=g","caption":"Liliana Donatelli"},"description":"Consultora Crist\u00f3foli em Biosseguran\u00e7a","url":"https:\/\/dev.cristofoli.com\/biosseguranca\/author\/liliana\/"}]}},"jetpack_featured_media_url":"https:\/\/dev.cristofoli.com\/biosseguranca\/wp-content\/uploads\/sites\/2\/2025\/08\/Prazo-de-Validade_blog-face.webp","_links":{"self":[{"href":"https:\/\/dev.cristofoli.com\/biosseguranca\/wp-json\/wp\/v2\/posts\/1161","targetHints":{"allow":["GET"]}}],"collection":[{"href":"https:\/\/dev.cristofoli.com\/biosseguranca\/wp-json\/wp\/v2\/posts"}],"about":[{"href":"https:\/\/dev.cristofoli.com\/biosseguranca\/wp-json\/wp\/v2\/types\/post"}],"author":[{"embeddable":true,"href":"https:\/\/dev.cristofoli.com\/biosseguranca\/wp-json\/wp\/v2\/users\/5"}],"replies":[{"embeddable":true,"href":"https:\/\/dev.cristofoli.com\/biosseguranca\/wp-json\/wp\/v2\/comments?post=1161"}],"version-history":[{"count":3,"href":"https:\/\/dev.cristofoli.com\/biosseguranca\/wp-json\/wp\/v2\/posts\/1161\/revisions"}],"predecessor-version":[{"id":2032,"href":"https:\/\/dev.cristofoli.com\/biosseguranca\/wp-json\/wp\/v2\/posts\/1161\/revisions\/2032"}],"wp:featuredmedia":[{"embeddable":true,"href":"https:\/\/dev.cristofoli.com\/biosseguranca\/wp-json\/wp\/v2\/media\/1162"}],"wp:attachment":[{"href":"https:\/\/dev.cristofoli.com\/biosseguranca\/wp-json\/wp\/v2\/media?parent=1161"}],"wp:term":[{"taxonomy":"category","embeddable":true,"href":"https:\/\/dev.cristofoli.com\/biosseguranca\/wp-json\/wp\/v2\/categories?post=1161"},{"taxonomy":"post_tag","embeddable":true,"href":"https:\/\/dev.cristofoli.com\/biosseguranca\/wp-json\/wp\/v2\/tags?post=1161"}],"curies":[{"name":"wp","href":"https:\/\/api.w.org\/{rel}","templated":true}]}}