{"id":2450,"date":"2021-05-05T11:19:00","date_gmt":"2021-05-05T14:19:00","guid":{"rendered":"https:\/\/dev.cristofoli.com\/bioseguridad\/?p=2450"},"modified":"2025-10-23T11:29:27","modified_gmt":"2025-10-23T14:29:27","slug":"encuesta-sars-cov-2-y-covid-19-un-ano-despues","status":"publish","type":"post","link":"https:\/\/dev.cristofoli.com\/bioseguridad\/encuesta-sars-cov-2-y-covid-19-un-ano-despues\/","title":{"rendered":"Encuesta: \u201cSARS-CoV-2 y COVID-19 UN A\u00d1O DESPU\u00c9S\u201d"},"content":{"rendered":"\n<p>La encuesta: \u201cSARS-CoV-2 y COVID-19 UN A\u00d1O DESPU\u00c9S\u201d est\u00e1 dirigida a Profesionales con C\u00e9dula para ejercer la Odontolog\u00eda y sus especialidades.<\/p>\n\n\n\n<figure class=\"wp-block-table\"><table class=\"has-fixed-layout\"><tbody><tr><td><br>\u201c<strong>SARS-CoV-2 y COVID-19 UN A\u00d1O DESPU\u00c9S<\/strong>\u201d Esta encuesta est\u00e1 dirigida a Profesionales con C\u00e9dula para ejercer la Odontolog\u00eda y sus especialidades.<br>AGRADECEREMOS DISTRIBUYA AMPLIAMENTE ESTE ENLACE EN SUS REDES SOCIALES<\/td><\/tr><\/tbody><\/table><\/figure>\n\n\n\n<p><a href=\"http:\/\/bit.ly\/Encuesta_SARS-CoV-2_y_COVID-19_un_ano_despues\">FORMULARIO_ENCUESTA_COVID-19<\/a><\/p>\n\n\n\n<p>Esta encuesta confidencial y an\u00f3nima tiene como prop\u00f3sito recabar las actitudes, conocimientos y pr\u00e1cticas de los odont\u00f3logos al cumplirse un a\u00f1o desde la declaraci\u00f3n de la pandemia COVID-19.<\/p>\n\n\n\n<p>Esta encuesta fue dise\u00f1ada por investigadores en las Universidades Complutense de Madrid, Aut\u00f3noma Metropolitana-Xochimilco y Nacional Aut\u00f3noma de M\u00e9xico.<\/p>\n\n\n\n<p>Si lo desea, usted podr\u00e1 contactarnos escribiendo a&nbsp;<a href=\"mailto:acostag@unam.mx\">acostag@unam.mx<\/a><\/p>\n\n\n\n<p>Le invitamos a responder preguntas sobre: Datos demogr\u00e1ficos (sin recabar informaci\u00f3n que le identifique); Su pr\u00e1ctica profesional; Su experiencia ante COVID-19.<\/p>\n\n\n\n<p>Hay reactivos para recabar sus percepciones sobre el riesgo, sobre Control de Infecciones, sobre el Ejercicio cl\u00ednico, sobre el Impacto econ\u00f3mico, y sobre la Inmunizaci\u00f3n.<\/p>\n\n\n\n<p>Los hallazgos ser\u00e1n utilizados para identificar \u00e1reas de oportunidad y dise\u00f1ar contenidos educativos que fortalezcan un ejercicio profesional m\u00e1s seguro.<\/p>\n\n\n\n<p>Participa y comparte!<\/p>\n","protected":false},"excerpt":{"rendered":"<p>La encuesta: \u201cSARS-CoV-2 y COVID-19 UN A\u00d1O DESPU\u00c9S\u201d est\u00e1 dirigida a Profesionales con C\u00e9dula para ejercer la Odontolog\u00eda y sus especialidades. \u201cSARS-CoV-2 y COVID-19 UN A\u00d1O DESPU\u00c9S\u201d Esta encuesta est\u00e1 dirigida a Profesionales con C\u00e9dula para ejercer la Odontolog\u00eda y sus&#8230;<\/p>\n","protected":false},"author":5,"featured_media":2451,"comment_status":"open","ping_status":"open","sticky":false,"template":"","format":"standard","meta":{"_acf_changed":false,"footnotes":""},"categories":[59],"tags":[],"class_list":["post-2450","post","type-post","status-publish","format-standard","has-post-thumbnail","hentry","category-covid-19"],"acf":[],"yoast_head":"<!-- This site is optimized with the Yoast SEO plugin v27.4 - https:\/\/yoast.com\/product\/yoast-seo-wordpress\/ -->\n<title>Encuesta: \u201cSARS-CoV-2 y COVID-19 UN A\u00d1O DESPU\u00c9S\u201d - Blog Bioseguridad<\/title>\n<meta name=\"robots\" content=\"index, follow, max-snippet:-1, max-image-preview:large, max-video-preview:-1\" \/>\n<link rel=\"canonical\" href=\"https:\/\/dev.cristofoli.com\/bioseguridad\/encuesta-sars-cov-2-y-covid-19-un-ano-despues\/\" \/>\n<meta property=\"og:locale\" content=\"es_ES\" \/>\n<meta property=\"og:type\" content=\"article\" \/>\n<meta property=\"og:title\" content=\"Encuesta: \u201cSARS-CoV-2 y COVID-19 UN A\u00d1O DESPU\u00c9S\u201d - Blog Bioseguridad\" \/>\n<meta property=\"og:description\" content=\"La encuesta: \u201cSARS-CoV-2 y COVID-19 UN A\u00d1O DESPU\u00c9S\u201d est\u00e1 dirigida a Profesionales con C\u00e9dula para ejercer la Odontolog\u00eda y sus especialidades. \u201cSARS-CoV-2 y COVID-19 UN A\u00d1O DESPU\u00c9S\u201d Esta encuesta est\u00e1 dirigida a Profesionales con C\u00e9dula para ejercer la Odontolog\u00eda y sus...\" \/>\n<meta property=\"og:url\" content=\"https:\/\/dev.cristofoli.com\/bioseguridad\/encuesta-sars-cov-2-y-covid-19-un-ano-despues\/\" \/>\n<meta property=\"og:site_name\" content=\"Blog Bioseguridad\" \/>\n<meta property=\"article:published_time\" content=\"2021-05-05T14:19:00+00:00\" \/>\n<meta property=\"article:modified_time\" content=\"2025-10-23T14:29:27+00:00\" \/>\n<meta property=\"og:image\" content=\"https:\/\/dev.cristofoli.com\/bioseguridad\/wp-content\/uploads\/sites\/3\/2025\/10\/ENCUESTA-COVID-19_BlogFace.webp\" \/>\n\t<meta property=\"og:image:width\" content=\"1200\" \/>\n\t<meta property=\"og:image:height\" content=\"803\" \/>\n\t<meta property=\"og:image:type\" content=\"image\/webp\" \/>\n<meta name=\"author\" content=\"Liliana Donatelli\" \/>\n<meta name=\"twitter:card\" content=\"summary_large_image\" \/>\n<meta name=\"twitter:label1\" content=\"Escrito por\" \/>\n\t<meta name=\"twitter:data1\" content=\"Liliana Donatelli\" \/>\n\t<meta name=\"twitter:label2\" content=\"Tiempo de lectura\" \/>\n\t<meta name=\"twitter:data2\" content=\"2 minutos\" \/>\n<script type=\"application\/ld+json\" class=\"yoast-schema-graph\">{\"@context\":\"https:\\\/\\\/schema.org\",\"@graph\":[{\"@type\":\"Article\",\"@id\":\"https:\\\/\\\/dev.cristofoli.com\\\/bioseguridad\\\/encuesta-sars-cov-2-y-covid-19-un-ano-despues\\\/#article\",\"isPartOf\":{\"@id\":\"https:\\\/\\\/dev.cristofoli.com\\\/bioseguridad\\\/encuesta-sars-cov-2-y-covid-19-un-ano-despues\\\/\"},\"author\":{\"name\":\"Liliana Donatelli\",\"@id\":\"https:\\\/\\\/dev.cristofoli.com\\\/bioseguridad\\\/#\\\/schema\\\/person\\\/c6f8c62710e13f35694a1feca583485b\"},\"headline\":\"Encuesta: \u201cSARS-CoV-2 y COVID-19 UN A\u00d1O DESPU\u00c9S\u201d\",\"datePublished\":\"2021-05-05T14:19:00+00:00\",\"dateModified\":\"2025-10-23T14:29:27+00:00\",\"mainEntityOfPage\":{\"@id\":\"https:\\\/\\\/dev.cristofoli.com\\\/bioseguridad\\\/encuesta-sars-cov-2-y-covid-19-un-ano-despues\\\/\"},\"wordCount\":218,\"commentCount\":0,\"publisher\":{\"@id\":\"https:\\\/\\\/dev.cristofoli.com\\\/bioseguridad\\\/#organization\"},\"image\":{\"@id\":\"https:\\\/\\\/dev.cristofoli.com\\\/bioseguridad\\\/encuesta-sars-cov-2-y-covid-19-un-ano-despues\\\/#primaryimage\"},\"thumbnailUrl\":\"https:\\\/\\\/dev.cristofoli.com\\\/bioseguridad\\\/wp-content\\\/uploads\\\/sites\\\/3\\\/2025\\\/10\\\/ENCUESTA-COVID-19_BlogFace.webp\",\"articleSection\":[\"Covid-19\"],\"inLanguage\":\"es\",\"potentialAction\":[{\"@type\":\"CommentAction\",\"name\":\"Comment\",\"target\":[\"https:\\\/\\\/dev.cristofoli.com\\\/bioseguridad\\\/encuesta-sars-cov-2-y-covid-19-un-ano-despues\\\/#respond\"]}]},{\"@type\":\"WebPage\",\"@id\":\"https:\\\/\\\/dev.cristofoli.com\\\/bioseguridad\\\/encuesta-sars-cov-2-y-covid-19-un-ano-despues\\\/\",\"url\":\"https:\\\/\\\/dev.cristofoli.com\\\/bioseguridad\\\/encuesta-sars-cov-2-y-covid-19-un-ano-despues\\\/\",\"name\":\"Encuesta: \u201cSARS-CoV-2 y COVID-19 UN A\u00d1O DESPU\u00c9S\u201d - Blog Bioseguridad\",\"isPartOf\":{\"@id\":\"https:\\\/\\\/dev.cristofoli.com\\\/bioseguridad\\\/#website\"},\"primaryImageOfPage\":{\"@id\":\"https:\\\/\\\/dev.cristofoli.com\\\/bioseguridad\\\/encuesta-sars-cov-2-y-covid-19-un-ano-despues\\\/#primaryimage\"},\"image\":{\"@id\":\"https:\\\/\\\/dev.cristofoli.com\\\/bioseguridad\\\/encuesta-sars-cov-2-y-covid-19-un-ano-despues\\\/#primaryimage\"},\"thumbnailUrl\":\"https:\\\/\\\/dev.cristofoli.com\\\/bioseguridad\\\/wp-content\\\/uploads\\\/sites\\\/3\\\/2025\\\/10\\\/ENCUESTA-COVID-19_BlogFace.webp\",\"datePublished\":\"2021-05-05T14:19:00+00:00\",\"dateModified\":\"2025-10-23T14:29:27+00:00\",\"breadcrumb\":{\"@id\":\"https:\\\/\\\/dev.cristofoli.com\\\/bioseguridad\\\/encuesta-sars-cov-2-y-covid-19-un-ano-despues\\\/#breadcrumb\"},\"inLanguage\":\"es\",\"potentialAction\":[{\"@type\":\"ReadAction\",\"target\":[\"https:\\\/\\\/dev.cristofoli.com\\\/bioseguridad\\\/encuesta-sars-cov-2-y-covid-19-un-ano-despues\\\/\"]}]},{\"@type\":\"ImageObject\",\"inLanguage\":\"es\",\"@id\":\"https:\\\/\\\/dev.cristofoli.com\\\/bioseguridad\\\/encuesta-sars-cov-2-y-covid-19-un-ano-despues\\\/#primaryimage\",\"url\":\"https:\\\/\\\/dev.cristofoli.com\\\/bioseguridad\\\/wp-content\\\/uploads\\\/sites\\\/3\\\/2025\\\/10\\\/ENCUESTA-COVID-19_BlogFace.webp\",\"contentUrl\":\"https:\\\/\\\/dev.cristofoli.com\\\/bioseguridad\\\/wp-content\\\/uploads\\\/sites\\\/3\\\/2025\\\/10\\\/ENCUESTA-COVID-19_BlogFace.webp\",\"width\":1200,\"height\":803},{\"@type\":\"BreadcrumbList\",\"@id\":\"https:\\\/\\\/dev.cristofoli.com\\\/bioseguridad\\\/encuesta-sars-cov-2-y-covid-19-un-ano-despues\\\/#breadcrumb\",\"itemListElement\":[{\"@type\":\"ListItem\",\"position\":1,\"name\":\"In\u00edcio\",\"item\":\"https:\\\/\\\/dev.cristofoli.com\\\/bioseguridad\\\/\"},{\"@type\":\"ListItem\",\"position\":2,\"name\":\"Encuesta: \u201cSARS-CoV-2 y COVID-19 UN A\u00d1O DESPU\u00c9S\u201d\"}]},{\"@type\":\"WebSite\",\"@id\":\"https:\\\/\\\/dev.cristofoli.com\\\/bioseguridad\\\/#website\",\"url\":\"https:\\\/\\\/dev.cristofoli.com\\\/bioseguridad\\\/\",\"name\":\"Blog Bioseguridad\",\"description\":\"\",\"publisher\":{\"@id\":\"https:\\\/\\\/dev.cristofoli.com\\\/bioseguridad\\\/#organization\"},\"potentialAction\":[{\"@type\":\"SearchAction\",\"target\":{\"@type\":\"EntryPoint\",\"urlTemplate\":\"https:\\\/\\\/dev.cristofoli.com\\\/bioseguridad\\\/?s={search_term_string}\"},\"query-input\":{\"@type\":\"PropertyValueSpecification\",\"valueRequired\":true,\"valueName\":\"search_term_string\"}}],\"inLanguage\":\"es\"},{\"@type\":\"Organization\",\"@id\":\"https:\\\/\\\/dev.cristofoli.com\\\/bioseguridad\\\/#organization\",\"name\":\"Blog Bioseguridad\",\"url\":\"https:\\\/\\\/dev.cristofoli.com\\\/bioseguridad\\\/\",\"logo\":{\"@type\":\"ImageObject\",\"inLanguage\":\"es\",\"@id\":\"https:\\\/\\\/dev.cristofoli.com\\\/bioseguridad\\\/#\\\/schema\\\/logo\\\/image\\\/\",\"url\":\"https:\\\/\\\/dev.cristofoli.com\\\/bioseguridad\\\/wp-content\\\/uploads\\\/sites\\\/3\\\/2025\\\/07\\\/Logotipo-Blog-Biosseguranca.webp\",\"contentUrl\":\"https:\\\/\\\/dev.cristofoli.com\\\/bioseguridad\\\/wp-content\\\/uploads\\\/sites\\\/3\\\/2025\\\/07\\\/Logotipo-Blog-Biosseguranca.webp\",\"width\":250,\"height\":83,\"caption\":\"Blog Bioseguridad\"},\"image\":{\"@id\":\"https:\\\/\\\/dev.cristofoli.com\\\/bioseguridad\\\/#\\\/schema\\\/logo\\\/image\\\/\"}},{\"@type\":\"Person\",\"@id\":\"https:\\\/\\\/dev.cristofoli.com\\\/bioseguridad\\\/#\\\/schema\\\/person\\\/c6f8c62710e13f35694a1feca583485b\",\"name\":\"Liliana Donatelli\",\"image\":{\"@type\":\"ImageObject\",\"inLanguage\":\"es\",\"@id\":\"https:\\\/\\\/secure.gravatar.com\\\/avatar\\\/5c3e345c7f7481174f0af15037a3c5634a6b73d926d22d0332e2fa870a2ee846?s=96&d=mm&r=g\",\"url\":\"https:\\\/\\\/secure.gravatar.com\\\/avatar\\\/5c3e345c7f7481174f0af15037a3c5634a6b73d926d22d0332e2fa870a2ee846?s=96&d=mm&r=g\",\"contentUrl\":\"https:\\\/\\\/secure.gravatar.com\\\/avatar\\\/5c3e345c7f7481174f0af15037a3c5634a6b73d926d22d0332e2fa870a2ee846?s=96&d=mm&r=g\",\"caption\":\"Liliana Donatelli\"},\"description\":\"Consultora Crist\u00f3foli em Biosseguran\u00e7a\",\"url\":\"https:\\\/\\\/dev.cristofoli.com\\\/bioseguridad\\\/author\\\/liliana\\\/\"}]}<\/script>\n<!-- \/ Yoast SEO plugin. -->","yoast_head_json":{"title":"Encuesta: \u201cSARS-CoV-2 y COVID-19 UN A\u00d1O DESPU\u00c9S\u201d - Blog Bioseguridad","robots":{"index":"index","follow":"follow","max-snippet":"max-snippet:-1","max-image-preview":"max-image-preview:large","max-video-preview":"max-video-preview:-1"},"canonical":"https:\/\/dev.cristofoli.com\/bioseguridad\/encuesta-sars-cov-2-y-covid-19-un-ano-despues\/","og_locale":"es_ES","og_type":"article","og_title":"Encuesta: \u201cSARS-CoV-2 y COVID-19 UN A\u00d1O DESPU\u00c9S\u201d - Blog Bioseguridad","og_description":"La encuesta: \u201cSARS-CoV-2 y COVID-19 UN A\u00d1O DESPU\u00c9S\u201d est\u00e1 dirigida a Profesionales con C\u00e9dula para ejercer la Odontolog\u00eda y sus especialidades. \u201cSARS-CoV-2 y COVID-19 UN A\u00d1O DESPU\u00c9S\u201d Esta encuesta est\u00e1 dirigida a Profesionales con C\u00e9dula para ejercer la Odontolog\u00eda y sus...","og_url":"https:\/\/dev.cristofoli.com\/bioseguridad\/encuesta-sars-cov-2-y-covid-19-un-ano-despues\/","og_site_name":"Blog Bioseguridad","article_published_time":"2021-05-05T14:19:00+00:00","article_modified_time":"2025-10-23T14:29:27+00:00","og_image":[{"width":1200,"height":803,"url":"https:\/\/dev.cristofoli.com\/bioseguridad\/wp-content\/uploads\/sites\/3\/2025\/10\/ENCUESTA-COVID-19_BlogFace.webp","type":"image\/webp"}],"author":"Liliana Donatelli","twitter_card":"summary_large_image","twitter_misc":{"Escrito por":"Liliana Donatelli","Tiempo de lectura":"2 minutos"},"schema":{"@context":"https:\/\/schema.org","@graph":[{"@type":"Article","@id":"https:\/\/dev.cristofoli.com\/bioseguridad\/encuesta-sars-cov-2-y-covid-19-un-ano-despues\/#article","isPartOf":{"@id":"https:\/\/dev.cristofoli.com\/bioseguridad\/encuesta-sars-cov-2-y-covid-19-un-ano-despues\/"},"author":{"name":"Liliana Donatelli","@id":"https:\/\/dev.cristofoli.com\/bioseguridad\/#\/schema\/person\/c6f8c62710e13f35694a1feca583485b"},"headline":"Encuesta: \u201cSARS-CoV-2 y COVID-19 UN A\u00d1O DESPU\u00c9S\u201d","datePublished":"2021-05-05T14:19:00+00:00","dateModified":"2025-10-23T14:29:27+00:00","mainEntityOfPage":{"@id":"https:\/\/dev.cristofoli.com\/bioseguridad\/encuesta-sars-cov-2-y-covid-19-un-ano-despues\/"},"wordCount":218,"commentCount":0,"publisher":{"@id":"https:\/\/dev.cristofoli.com\/bioseguridad\/#organization"},"image":{"@id":"https:\/\/dev.cristofoli.com\/bioseguridad\/encuesta-sars-cov-2-y-covid-19-un-ano-despues\/#primaryimage"},"thumbnailUrl":"https:\/\/dev.cristofoli.com\/bioseguridad\/wp-content\/uploads\/sites\/3\/2025\/10\/ENCUESTA-COVID-19_BlogFace.webp","articleSection":["Covid-19"],"inLanguage":"es","potentialAction":[{"@type":"CommentAction","name":"Comment","target":["https:\/\/dev.cristofoli.com\/bioseguridad\/encuesta-sars-cov-2-y-covid-19-un-ano-despues\/#respond"]}]},{"@type":"WebPage","@id":"https:\/\/dev.cristofoli.com\/bioseguridad\/encuesta-sars-cov-2-y-covid-19-un-ano-despues\/","url":"https:\/\/dev.cristofoli.com\/bioseguridad\/encuesta-sars-cov-2-y-covid-19-un-ano-despues\/","name":"Encuesta: \u201cSARS-CoV-2 y COVID-19 UN A\u00d1O DESPU\u00c9S\u201d - Blog Bioseguridad","isPartOf":{"@id":"https:\/\/dev.cristofoli.com\/bioseguridad\/#website"},"primaryImageOfPage":{"@id":"https:\/\/dev.cristofoli.com\/bioseguridad\/encuesta-sars-cov-2-y-covid-19-un-ano-despues\/#primaryimage"},"image":{"@id":"https:\/\/dev.cristofoli.com\/bioseguridad\/encuesta-sars-cov-2-y-covid-19-un-ano-despues\/#primaryimage"},"thumbnailUrl":"https:\/\/dev.cristofoli.com\/bioseguridad\/wp-content\/uploads\/sites\/3\/2025\/10\/ENCUESTA-COVID-19_BlogFace.webp","datePublished":"2021-05-05T14:19:00+00:00","dateModified":"2025-10-23T14:29:27+00:00","breadcrumb":{"@id":"https:\/\/dev.cristofoli.com\/bioseguridad\/encuesta-sars-cov-2-y-covid-19-un-ano-despues\/#breadcrumb"},"inLanguage":"es","potentialAction":[{"@type":"ReadAction","target":["https:\/\/dev.cristofoli.com\/bioseguridad\/encuesta-sars-cov-2-y-covid-19-un-ano-despues\/"]}]},{"@type":"ImageObject","inLanguage":"es","@id":"https:\/\/dev.cristofoli.com\/bioseguridad\/encuesta-sars-cov-2-y-covid-19-un-ano-despues\/#primaryimage","url":"https:\/\/dev.cristofoli.com\/bioseguridad\/wp-content\/uploads\/sites\/3\/2025\/10\/ENCUESTA-COVID-19_BlogFace.webp","contentUrl":"https:\/\/dev.cristofoli.com\/bioseguridad\/wp-content\/uploads\/sites\/3\/2025\/10\/ENCUESTA-COVID-19_BlogFace.webp","width":1200,"height":803},{"@type":"BreadcrumbList","@id":"https:\/\/dev.cristofoli.com\/bioseguridad\/encuesta-sars-cov-2-y-covid-19-un-ano-despues\/#breadcrumb","itemListElement":[{"@type":"ListItem","position":1,"name":"In\u00edcio","item":"https:\/\/dev.cristofoli.com\/bioseguridad\/"},{"@type":"ListItem","position":2,"name":"Encuesta: \u201cSARS-CoV-2 y COVID-19 UN A\u00d1O DESPU\u00c9S\u201d"}]},{"@type":"WebSite","@id":"https:\/\/dev.cristofoli.com\/bioseguridad\/#website","url":"https:\/\/dev.cristofoli.com\/bioseguridad\/","name":"Blog Bioseguridad","description":"","publisher":{"@id":"https:\/\/dev.cristofoli.com\/bioseguridad\/#organization"},"potentialAction":[{"@type":"SearchAction","target":{"@type":"EntryPoint","urlTemplate":"https:\/\/dev.cristofoli.com\/bioseguridad\/?s={search_term_string}"},"query-input":{"@type":"PropertyValueSpecification","valueRequired":true,"valueName":"search_term_string"}}],"inLanguage":"es"},{"@type":"Organization","@id":"https:\/\/dev.cristofoli.com\/bioseguridad\/#organization","name":"Blog Bioseguridad","url":"https:\/\/dev.cristofoli.com\/bioseguridad\/","logo":{"@type":"ImageObject","inLanguage":"es","@id":"https:\/\/dev.cristofoli.com\/bioseguridad\/#\/schema\/logo\/image\/","url":"https:\/\/dev.cristofoli.com\/bioseguridad\/wp-content\/uploads\/sites\/3\/2025\/07\/Logotipo-Blog-Biosseguranca.webp","contentUrl":"https:\/\/dev.cristofoli.com\/bioseguridad\/wp-content\/uploads\/sites\/3\/2025\/07\/Logotipo-Blog-Biosseguranca.webp","width":250,"height":83,"caption":"Blog Bioseguridad"},"image":{"@id":"https:\/\/dev.cristofoli.com\/bioseguridad\/#\/schema\/logo\/image\/"}},{"@type":"Person","@id":"https:\/\/dev.cristofoli.com\/bioseguridad\/#\/schema\/person\/c6f8c62710e13f35694a1feca583485b","name":"Liliana Donatelli","image":{"@type":"ImageObject","inLanguage":"es","@id":"https:\/\/secure.gravatar.com\/avatar\/5c3e345c7f7481174f0af15037a3c5634a6b73d926d22d0332e2fa870a2ee846?s=96&d=mm&r=g","url":"https:\/\/secure.gravatar.com\/avatar\/5c3e345c7f7481174f0af15037a3c5634a6b73d926d22d0332e2fa870a2ee846?s=96&d=mm&r=g","contentUrl":"https:\/\/secure.gravatar.com\/avatar\/5c3e345c7f7481174f0af15037a3c5634a6b73d926d22d0332e2fa870a2ee846?s=96&d=mm&r=g","caption":"Liliana Donatelli"},"description":"Consultora Crist\u00f3foli em Biosseguran\u00e7a","url":"https:\/\/dev.cristofoli.com\/bioseguridad\/author\/liliana\/"}]}},"jetpack_featured_media_url":"https:\/\/dev.cristofoli.com\/bioseguridad\/wp-content\/uploads\/sites\/3\/2025\/10\/ENCUESTA-COVID-19_BlogFace.webp","_links":{"self":[{"href":"https:\/\/dev.cristofoli.com\/bioseguridad\/wp-json\/wp\/v2\/posts\/2450","targetHints":{"allow":["GET"]}}],"collection":[{"href":"https:\/\/dev.cristofoli.com\/bioseguridad\/wp-json\/wp\/v2\/posts"}],"about":[{"href":"https:\/\/dev.cristofoli.com\/bioseguridad\/wp-json\/wp\/v2\/types\/post"}],"author":[{"embeddable":true,"href":"https:\/\/dev.cristofoli.com\/bioseguridad\/wp-json\/wp\/v2\/users\/5"}],"replies":[{"embeddable":true,"href":"https:\/\/dev.cristofoli.com\/bioseguridad\/wp-json\/wp\/v2\/comments?post=2450"}],"version-history":[{"count":1,"href":"https:\/\/dev.cristofoli.com\/bioseguridad\/wp-json\/wp\/v2\/posts\/2450\/revisions"}],"predecessor-version":[{"id":2452,"href":"https:\/\/dev.cristofoli.com\/bioseguridad\/wp-json\/wp\/v2\/posts\/2450\/revisions\/2452"}],"wp:featuredmedia":[{"embeddable":true,"href":"https:\/\/dev.cristofoli.com\/bioseguridad\/wp-json\/wp\/v2\/media\/2451"}],"wp:attachment":[{"href":"https:\/\/dev.cristofoli.com\/bioseguridad\/wp-json\/wp\/v2\/media?parent=2450"}],"wp:term":[{"taxonomy":"category","embeddable":true,"href":"https:\/\/dev.cristofoli.com\/bioseguridad\/wp-json\/wp\/v2\/categories?post=2450"},{"taxonomy":"post_tag","embeddable":true,"href":"https:\/\/dev.cristofoli.com\/bioseguridad\/wp-json\/wp\/v2\/tags?post=2450"}],"curies":[{"name":"wp","href":"https:\/\/api.w.org\/{rel}","templated":true}]}}